{"id":270,"date":"2023-08-01T18:33:31","date_gmt":"2023-08-01T21:33:31","guid":{"rendered":"http:\/\/www.fcn.unp.edu.ar\/sitio\/epistemologia\/?p=270"},"modified":"2023-08-03T18:09:42","modified_gmt":"2023-08-03T21:09:42","slug":"participacion-en-congresos-internacionales-2023","status":"publish","type":"post","link":"https:\/\/www.fcn.unp.edu.ar\/epistemologia\/index.php\/2023\/08\/01\/participacion-en-congresos-internacionales-2023\/","title":{"rendered":"Participaci\u00f3n en congresos internacionales julio 2023"},"content":{"rendered":"\n<p>Integrantes de la c\u00e1tedra de Epistemolog\u00eda han finalizado su participaci\u00f3n en dos congresos internacionales de filosof\u00eda de las ciencias celebrados en la ciudad de Buenos Aires el pasado mes de julio de 2023.<\/p>\n\n\n\n<p>El primero de ellos fue la <a rel=\"noreferrer noopener\" href=\"https:\/\/sites.google.com\/site\/socphilchem\/symposia\" target=\"_blank\">27\u00ba Conferencia de la Sociedad Internacional de Filosof\u00eda de la Qu\u00edmica (ISPhilChem)<\/a>, en la se present\u00f3 la ponencia titulada: <\/p>\n\n\n\n<ul class=\"wp-block-list\">\n<li> <strong>&#8220;The dual dimension of elements as basic substances&#8221;<\/strong>, por Alfio Zambon. <\/li>\n<\/ul>\n\n\n\n<p>El segundo evento fue la <a href=\"https:\/\/clmpst2023.dc.uba.ar\/\">17\u00ba Edici\u00f3n del Congreso Internacional de L\u00f3gica, Metodolog\u00eda y Filosof\u00eda de la Ciencia y la Tecnolog\u00eda (CLMPCT<\/a>), en el cual se presentaron los siguientes trabajos:<\/p>\n\n\n\n<ul class=\"wp-block-list\">\n<li><strong>&#8220;The problem of identity in nanochemistry&#8221;,<\/strong> por Alfio Zambon, Fiorela Alassia y Mariana C\u00f3rdoba (Conicet-UBA), en el marco del simposio &#8220;The many faces of reduction in physics and chemistry&#8221;. <\/li>\n\n\n\n<li><strong>&#8220;How is biological individuality assumed in the health sciences?&#8221;<\/strong>, por Fiorela Alassia. <br><\/li>\n<\/ul>\n","protected":false},"excerpt":{"rendered":"<p>Integrantes de la c\u00e1tedra de Epistemolog\u00eda han finalizado su participaci\u00f3n en dos congresos internacionales de filosof\u00eda de las ciencias celebrados en la ciudad de Buenos Aires el pasado mes de julio de 2023. El primero de ellos fue la 27\u00ba Conferencia de la Sociedad Internacional de Filosof\u00eda de la Qu\u00edmica (ISPhilChem), en la se present\u00f3 [&hellip;]<\/p>\n","protected":false},"author":2,"featured_media":0,"comment_status":"open","ping_status":"open","sticky":false,"template":"","format":"standard","meta":{"footnotes":""},"categories":[1],"tags":[],"class_list":["post-270","post","type-post","status-publish","format-standard","hentry","category-sin-categoria"],"_links":{"self":[{"href":"https:\/\/www.fcn.unp.edu.ar\/epistemologia\/index.php\/wp-json\/wp\/v2\/posts\/270","targetHints":{"allow":["GET"]}}],"collection":[{"href":"https:\/\/www.fcn.unp.edu.ar\/epistemologia\/index.php\/wp-json\/wp\/v2\/posts"}],"about":[{"href":"https:\/\/www.fcn.unp.edu.ar\/epistemologia\/index.php\/wp-json\/wp\/v2\/types\/post"}],"author":[{"embeddable":true,"href":"https:\/\/www.fcn.unp.edu.ar\/epistemologia\/index.php\/wp-json\/wp\/v2\/users\/2"}],"replies":[{"embeddable":true,"href":"https:\/\/www.fcn.unp.edu.ar\/epistemologia\/index.php\/wp-json\/wp\/v2\/comments?post=270"}],"version-history":[{"count":2,"href":"https:\/\/www.fcn.unp.edu.ar\/epistemologia\/index.php\/wp-json\/wp\/v2\/posts\/270\/revisions"}],"predecessor-version":[{"id":288,"href":"https:\/\/www.fcn.unp.edu.ar\/epistemologia\/index.php\/wp-json\/wp\/v2\/posts\/270\/revisions\/288"}],"wp:attachment":[{"href":"https:\/\/www.fcn.unp.edu.ar\/epistemologia\/index.php\/wp-json\/wp\/v2\/media?parent=270"}],"wp:term":[{"taxonomy":"category","embeddable":true,"href":"https:\/\/www.fcn.unp.edu.ar\/epistemologia\/index.php\/wp-json\/wp\/v2\/categories?post=270"},{"taxonomy":"post_tag","embeddable":true,"href":"https:\/\/www.fcn.unp.edu.ar\/epistemologia\/index.php\/wp-json\/wp\/v2\/tags?post=270"}],"curies":[{"name":"wp","href":"https:\/\/api.w.org\/{rel}","templated":true}]}}