{"id":296,"date":"2023-11-24T19:59:34","date_gmt":"2023-11-24T22:59:34","guid":{"rendered":"http:\/\/www.fcn.unp.edu.ar\/sitio\/epistemologia\/?p=296"},"modified":"2023-11-24T20:00:27","modified_gmt":"2023-11-24T23:00:27","slug":"ponencia-internacional-alfio-zambon","status":"publish","type":"post","link":"https:\/\/www.fcn.unp.edu.ar\/epistemologia\/index.php\/2023\/11\/24\/ponencia-internacional-alfio-zambon\/","title":{"rendered":"Ponencia internacional de Alfio Zambon"},"content":{"rendered":"\n<p>Tenemos el agrado de informar que el pasado 6 de julio de 2023, el Dr. Alfio Zamb\u00f3n particip\u00f3 como conferencista magistral en el XIV Congreso Internacional de Docencia e Investigaci\u00f3n en Qu\u00edmica, organizado por la Universidad Aut\u00f3noma Metropolitana de M\u00e9xico.<\/p>\n\n\n\n<p>Para mayor informaci\u00f3n, consultar el siguiente <a href=\"https:\/\/congresointernacionaldequimica.azc.uam.mx\/index.php?option=com_content&amp;view=article&amp;id=28&amp;Itemid=136\" data-type=\"link\" data-id=\"https:\/\/congresointernacionaldequimica.azc.uam.mx\/index.php?option=com_content&amp;view=article&amp;id=28&amp;Itemid=136\">LINK<\/a>. <\/p>\n\n\n\n<figure class=\"wp-block-image size-large\"><img loading=\"lazy\" decoding=\"async\" width=\"663\" height=\"1024\" src=\"http:\/\/www.fcn.unp.edu.ar\/sitio\/epistemologia\/wp-content\/uploads\/2023\/11\/Imagen-de-WhatsApp-2023-11-08-a-las-09.51.13_b698424d-663x1024.jpg\" alt=\"\" class=\"wp-image-298\" srcset=\"https:\/\/www.fcn.unp.edu.ar\/epistemologia\/wp-content\/uploads\/2023\/11\/Imagen-de-WhatsApp-2023-11-08-a-las-09.51.13_b698424d-663x1024.jpg 663w, https:\/\/www.fcn.unp.edu.ar\/epistemologia\/wp-content\/uploads\/2023\/11\/Imagen-de-WhatsApp-2023-11-08-a-las-09.51.13_b698424d-194x300.jpg 194w, https:\/\/www.fcn.unp.edu.ar\/epistemologia\/wp-content\/uploads\/2023\/11\/Imagen-de-WhatsApp-2023-11-08-a-las-09.51.13_b698424d-768x1187.jpg 768w, https:\/\/www.fcn.unp.edu.ar\/epistemologia\/wp-content\/uploads\/2023\/11\/Imagen-de-WhatsApp-2023-11-08-a-las-09.51.13_b698424d.jpg 825w\" sizes=\"auto, (max-width: 663px) 100vw, 663px\" \/><\/figure>\n","protected":false},"excerpt":{"rendered":"<p>Tenemos el agrado de informar que el pasado 6 de julio de 2023, el Dr. Alfio Zamb\u00f3n particip\u00f3 como conferencista magistral en el XIV Congreso Internacional de Docencia e Investigaci\u00f3n en Qu\u00edmica, organizado por la Universidad Aut\u00f3noma Metropolitana de M\u00e9xico. Para mayor informaci\u00f3n, consultar el siguiente LINK.<\/p>\n","protected":false},"author":2,"featured_media":0,"comment_status":"open","ping_status":"open","sticky":false,"template":"","format":"standard","meta":{"footnotes":""},"categories":[1],"tags":[],"class_list":["post-296","post","type-post","status-publish","format-standard","hentry","category-sin-categoria"],"_links":{"self":[{"href":"https:\/\/www.fcn.unp.edu.ar\/epistemologia\/index.php\/wp-json\/wp\/v2\/posts\/296","targetHints":{"allow":["GET"]}}],"collection":[{"href":"https:\/\/www.fcn.unp.edu.ar\/epistemologia\/index.php\/wp-json\/wp\/v2\/posts"}],"about":[{"href":"https:\/\/www.fcn.unp.edu.ar\/epistemologia\/index.php\/wp-json\/wp\/v2\/types\/post"}],"author":[{"embeddable":true,"href":"https:\/\/www.fcn.unp.edu.ar\/epistemologia\/index.php\/wp-json\/wp\/v2\/users\/2"}],"replies":[{"embeddable":true,"href":"https:\/\/www.fcn.unp.edu.ar\/epistemologia\/index.php\/wp-json\/wp\/v2\/comments?post=296"}],"version-history":[{"count":2,"href":"https:\/\/www.fcn.unp.edu.ar\/epistemologia\/index.php\/wp-json\/wp\/v2\/posts\/296\/revisions"}],"predecessor-version":[{"id":302,"href":"https:\/\/www.fcn.unp.edu.ar\/epistemologia\/index.php\/wp-json\/wp\/v2\/posts\/296\/revisions\/302"}],"wp:attachment":[{"href":"https:\/\/www.fcn.unp.edu.ar\/epistemologia\/index.php\/wp-json\/wp\/v2\/media?parent=296"}],"wp:term":[{"taxonomy":"category","embeddable":true,"href":"https:\/\/www.fcn.unp.edu.ar\/epistemologia\/index.php\/wp-json\/wp\/v2\/categories?post=296"},{"taxonomy":"post_tag","embeddable":true,"href":"https:\/\/www.fcn.unp.edu.ar\/epistemologia\/index.php\/wp-json\/wp\/v2\/tags?post=296"}],"curies":[{"name":"wp","href":"https:\/\/api.w.org\/{rel}","templated":true}]}}