{"id":307,"date":"2023-11-24T20:11:34","date_gmt":"2023-11-24T23:11:34","guid":{"rendered":"http:\/\/www.fcn.unp.edu.ar\/sitio\/epistemologia\/?p=307"},"modified":"2023-11-24T20:11:34","modified_gmt":"2023-11-24T23:11:34","slug":"participacion-de-alfio-zambon-en-reunion-cientifica","status":"publish","type":"post","link":"https:\/\/www.fcn.unp.edu.ar\/epistemologia\/index.php\/2023\/11\/24\/participacion-de-alfio-zambon-en-reunion-cientifica\/","title":{"rendered":"Participaci\u00f3n de Alfio Zambon en reuni\u00f3n cient\u00edfica"},"content":{"rendered":"\n<p>Tenemos el agrado de anunciar que el pr\u00f3ximo mi\u00e9rcoles 29 de noviembre, a las 15h, Alfio Zambon presentar\u00e1 una ponencia en la XX\u00ba Reuni\u00f3n de Educadores en la Qu\u00edmica, acerca de su reciente trabajo sobre la Epistemolog\u00eda de la qu\u00edmica de Paneth. Adjuntamos flyer de inscripci\u00f3n y programa.<\/p>\n\n\n\n<figure class=\"wp-block-image size-large\"><img loading=\"lazy\" decoding=\"async\" width=\"724\" height=\"1024\" src=\"http:\/\/www.fcn.unp.edu.ar\/sitio\/epistemologia\/wp-content\/uploads\/2023\/11\/Imagen-de-WhatsApp-2023-11-15-a-las-09.26.49_3d8b1347-724x1024.jpg\" alt=\"\" class=\"wp-image-309\" srcset=\"https:\/\/www.fcn.unp.edu.ar\/epistemologia\/wp-content\/uploads\/2023\/11\/Imagen-de-WhatsApp-2023-11-15-a-las-09.26.49_3d8b1347-724x1024.jpg 724w, https:\/\/www.fcn.unp.edu.ar\/epistemologia\/wp-content\/uploads\/2023\/11\/Imagen-de-WhatsApp-2023-11-15-a-las-09.26.49_3d8b1347-212x300.jpg 212w, https:\/\/www.fcn.unp.edu.ar\/epistemologia\/wp-content\/uploads\/2023\/11\/Imagen-de-WhatsApp-2023-11-15-a-las-09.26.49_3d8b1347-768x1086.jpg 768w, https:\/\/www.fcn.unp.edu.ar\/epistemologia\/wp-content\/uploads\/2023\/11\/Imagen-de-WhatsApp-2023-11-15-a-las-09.26.49_3d8b1347-1086x1536.jpg 1086w, https:\/\/www.fcn.unp.edu.ar\/epistemologia\/wp-content\/uploads\/2023\/11\/Imagen-de-WhatsApp-2023-11-15-a-las-09.26.49_3d8b1347.jpg 1131w\" sizes=\"auto, (max-width: 724px) 100vw, 724px\" \/><\/figure>\n\n\n\n<div data-wp-interactive=\"core\/file\" class=\"wp-block-file\"><object data-wp-bind--hidden=\"!state.hasPdfPreview\" hidden class=\"wp-block-file__embed\" data=\"http:\/\/www.fcn.unp.edu.ar\/sitio\/epistemologia\/wp-content\/uploads\/2023\/11\/Programa_Conferencias_XX_REQ.pdf\" type=\"application\/pdf\" style=\"width:100%;height:600px\" aria-label=\"Incrustado de Programa_Conferencias_XX_REQ.\"><\/object><a id=\"wp-block-file--media-2e0d1dd3-44fb-4006-b98a-1c366d159685\" href=\"http:\/\/www.fcn.unp.edu.ar\/sitio\/epistemologia\/wp-content\/uploads\/2023\/11\/Programa_Conferencias_XX_REQ.pdf\">Programa_Conferencias_XX_REQ<\/a><a href=\"http:\/\/www.fcn.unp.edu.ar\/sitio\/epistemologia\/wp-content\/uploads\/2023\/11\/Programa_Conferencias_XX_REQ.pdf\" class=\"wp-block-file__button wp-element-button\" download aria-describedby=\"wp-block-file--media-2e0d1dd3-44fb-4006-b98a-1c366d159685\">Descarga<\/a><\/div>\n","protected":false},"excerpt":{"rendered":"<p>Tenemos el agrado de anunciar que el pr\u00f3ximo mi\u00e9rcoles 29 de noviembre, a las 15h, Alfio Zambon presentar\u00e1 una ponencia en la XX\u00ba Reuni\u00f3n de Educadores en la Qu\u00edmica, acerca de su reciente trabajo sobre la Epistemolog\u00eda de la qu\u00edmica de Paneth. Adjuntamos flyer de inscripci\u00f3n y programa.<\/p>\n","protected":false},"author":2,"featured_media":0,"comment_status":"open","ping_status":"open","sticky":false,"template":"","format":"standard","meta":{"footnotes":""},"categories":[1],"tags":[],"class_list":["post-307","post","type-post","status-publish","format-standard","hentry","category-sin-categoria"],"_links":{"self":[{"href":"https:\/\/www.fcn.unp.edu.ar\/epistemologia\/index.php\/wp-json\/wp\/v2\/posts\/307","targetHints":{"allow":["GET"]}}],"collection":[{"href":"https:\/\/www.fcn.unp.edu.ar\/epistemologia\/index.php\/wp-json\/wp\/v2\/posts"}],"about":[{"href":"https:\/\/www.fcn.unp.edu.ar\/epistemologia\/index.php\/wp-json\/wp\/v2\/types\/post"}],"author":[{"embeddable":true,"href":"https:\/\/www.fcn.unp.edu.ar\/epistemologia\/index.php\/wp-json\/wp\/v2\/users\/2"}],"replies":[{"embeddable":true,"href":"https:\/\/www.fcn.unp.edu.ar\/epistemologia\/index.php\/wp-json\/wp\/v2\/comments?post=307"}],"version-history":[{"count":1,"href":"https:\/\/www.fcn.unp.edu.ar\/epistemologia\/index.php\/wp-json\/wp\/v2\/posts\/307\/revisions"}],"predecessor-version":[{"id":311,"href":"https:\/\/www.fcn.unp.edu.ar\/epistemologia\/index.php\/wp-json\/wp\/v2\/posts\/307\/revisions\/311"}],"wp:attachment":[{"href":"https:\/\/www.fcn.unp.edu.ar\/epistemologia\/index.php\/wp-json\/wp\/v2\/media?parent=307"}],"wp:term":[{"taxonomy":"category","embeddable":true,"href":"https:\/\/www.fcn.unp.edu.ar\/epistemologia\/index.php\/wp-json\/wp\/v2\/categories?post=307"},{"taxonomy":"post_tag","embeddable":true,"href":"https:\/\/www.fcn.unp.edu.ar\/epistemologia\/index.php\/wp-json\/wp\/v2\/tags?post=307"}],"curies":[{"name":"wp","href":"https:\/\/api.w.org\/{rel}","templated":true}]}}