{"id":319,"date":"2024-03-12T13:19:04","date_gmt":"2024-03-12T16:19:04","guid":{"rendered":"http:\/\/www.fcn.unp.edu.ar\/sitio\/epistemologia\/?p=319"},"modified":"2024-03-12T13:25:43","modified_gmt":"2024-03-12T16:25:43","slug":"publicacion-de-libro","status":"publish","type":"post","link":"https:\/\/www.fcn.unp.edu.ar\/epistemologia\/index.php\/2024\/03\/12\/publicacion-de-libro\/","title":{"rendered":"Publicaci\u00f3n de libro"},"content":{"rendered":"\n<p>Tenemos el agrado de compartir la reciente publicaci\u00f3n del libro &#8220;Introducci\u00f3n a la Filosof\u00eda de la Qu\u00edmica&#8221;, editado por Dr. Sebasti\u00e1n Fortin y Dr. Mart\u00edn Labarca, en el cual hemos participado como coautores de dos cap\u00edtulos. A continuaci\u00f3n dejamos el \u00edndice y el link para su descarga.<\/p>\n\n\n\n<figure class=\"wp-block-image size-full is-resized\"><img loading=\"lazy\" decoding=\"async\" width=\"571\" height=\"800\" src=\"http:\/\/www.fcn.unp.edu.ar\/sitio\/epistemologia\/wp-content\/uploads\/2024\/03\/Introduccion-a-la-Filosofia-de-la-Quimica.jpg\" alt=\"\" class=\"wp-image-322\" style=\"width:375px;height:auto\" srcset=\"https:\/\/www.fcn.unp.edu.ar\/epistemologia\/wp-content\/uploads\/2024\/03\/Introduccion-a-la-Filosofia-de-la-Quimica.jpg 571w, https:\/\/www.fcn.unp.edu.ar\/epistemologia\/wp-content\/uploads\/2024\/03\/Introduccion-a-la-Filosofia-de-la-Quimica-214x300.jpg 214w\" sizes=\"auto, (max-width: 571px) 100vw, 571px\" \/><\/figure>\n\n\n\n<p class=\"has-text-align-left\"><strong><em><a href=\"https:\/\/www.researchgate.net\/publication\/377107782_Introduccion_a_la_Filosofia_de_la_Quimica\" data-type=\"link\" data-id=\"https:\/\/www.researchgate.net\/publication\/377107782_Introduccion_a_la_Filosofia_de_la_Quimica\" target=\"_blank\" rel=\"noreferrer noopener\">Link de descarga<\/a><\/em><\/strong><\/p>\n\n\n\n<p><\/p>\n\n\n\n<p><em>C\u00f3mo citarlo: <\/em><\/p>\n\n\n\n<p>Introducci\u00f3n a la Filosof\u00eda de la Qu\u00edmica \/ Labarca, Mart\u00edn; Fortin, Sebastian<br>(Editores). 1\u00ba edici\u00f3n, Sociedad Chilena de Did\u00e1ctica, Historia y Filosof\u00eda de la<br>Ciencias Bella Terra Ltda., Santiago de Chile, Chile, 2023.<\/p>\n\n\n\n<p><\/p>\n\n\n\n<p><em>\u00cdndice de contenidos:<\/em><\/p>\n\n\n\n<p>PR\u00d3LOGO \u2026\u2026\u2026\u2026\u2026\u2026\u2026\u2026\u2026\u2026\u2026\u2026\u2026\u2026\u2026\u2026\u2026\u2026\u2026\u2026\u2026\u2026\u2026\u2026\u2026\u2026\u2026 v<br>INTRODUCCI\u00d3N \u2026\u2026\u2026\u2026\u2026\u2026\u2026\u2026\u2026\u2026\u2026\u2026\u2026\u2026\u2026\u2026\u2026\u2026\u2026\u2026\u2026\u2026\u2026\u2026.. vii<br>\u00cdNDICE \u2026\u2026\u2026\u2026\u2026\u2026\u2026\u2026\u2026\u2026\u2026\u2026\u2026\u2026\u2026\u2026\u2026\u2026\u2026\u2026\u2026\u2026\u2026\u2026\u2026\u2026\u2026\u2026\u2026 xii<\/p>\n\n\n\n<ol class=\"wp-block-list\">\n<li class=\"has-small-font-size\"><strong>Una breve introducci\u00f3n a la Filosof\u00eda de la Qu\u00edmica<\/strong> \u2026\u2026\u2026\u2026..\u2026\u2026\u2026\u2026\u2026. 1<br><em>Ronei Mocellin y Luciana Zaterka<\/em><\/li>\n\n\n\n<li class=\"has-small-font-size\"><strong>La concepci\u00f3n de \u2018elemento qu\u00edmico\u2019: desde la antig\u00fcedad a las discusiones<br>actuales <\/strong>\u2026\u2026\u2026\u2026\u2026\u2026\u2026\u2026\u2026\u2026\u2026\u2026\u2026\u2026\u2026\u2026\u2026\u2026\u2026\u2026\u2026\u2026\u2026\u2026\u2026\u2026\u2026\u2026\u2026&#8230;&#8230;&#8230;&#8230;&#8230;&#8230;&#8230;. 34<br><em>Alfio Zambon y Fiorela Alassia<\/em><\/li>\n\n\n\n<li class=\"has-small-font-size\"><strong>Problemas en la tabla peri\u00f3dica de los elementos<\/strong> \u2026\u2026\u2026\u2026\u2026\u2026\u2026\u2026\u2026\u2026.. 53<br><em>Mart\u00edn Labarca<\/em><\/li>\n\n\n\n<li class=\"has-small-font-size\"><strong>Reduccionismos en filosof\u00eda de las ciencias y sus problemas<\/strong> \u2026\u2026\u2026\u2026. 70<br><em>Cristian L\u00f3pez<\/em><\/li>\n\n\n\n<li class=\"has-small-font-size\"><strong>Relaciones entre qu\u00edmica y f\u00edsica I: El problema de la naturaleza de los<br>orbitales<\/strong> \u2026\u2026\u2026\u2026\u2026\u2026\u2026\u2026\u2026\u2026\u2026\u2026\u2026\u2026\u2026\u2026\u2026\u2026\u2026\u2026\u2026\u2026\u2026\u2026\u2026\u2026\u2026\u2026&#8230;&#8230;&#8230;&#8230;&#8230;&#8230;&#8230;&#8230; 91<br><em>Mart\u00edn Labarca<\/em><\/li>\n\n\n\n<li class=\"has-small-font-size\"><strong>Relaciones entre qu\u00edmica y f\u00edsica II: El problema de la estructura molecular<\/strong> \u2026&#8230;106<br><em>Sebastian Fortin<\/em><\/li>\n\n\n\n<li class=\"has-small-font-size\"><strong>Clases naturales en qu\u00edmica: esencialismo y antiesencialismo microestructural<\/strong>&#8230; 125<br><em>Mar\u00eda Jos\u00e9 Ferreira Ruiz<\/em><\/li>\n\n\n\n<li class=\"has-small-font-size\"><strong>Modelos en qu\u00edmica: el problema de la electronegatividad <\/strong>\u2026\u2026\u2026\u2026 142<br><em>Hern\u00e1n Accorinti y Mart\u00edn Labarca<\/em><\/li>\n\n\n\n<li class=\"has-small-font-size\"><strong>El problema de las leyes qu\u00edmicas<\/strong> \u2026\u2026\u2026\u2026\u2026\u2026\u2026\u2026\u2026\u2026\u2026\u2026\u2026\u2026\u2026\u2026\u2026&#8230;&#8230;. 159<br><em>Hern\u00e1n Accorinti<\/em><\/li>\n\n\n\n<li class=\"has-small-font-size\"><strong>Nanoqu\u00edmica y qu\u00edmica supramolecular: algunas consideraciones filos\u00f3ficas <\/strong>&#8230;&#8230;.177<br><em>Alfio Zambon y Fiorela Alassia<\/em><\/li>\n\n\n\n<li class=\"has-small-font-size\"><strong>Historia de la qu\u00edmica, filosof\u00eda de la qu\u00edmica y did\u00e1ctica de la qu\u00edmica. Una<br>triada virtuosa<\/strong> \u2026\u2026\u2026\u2026\u2026\u2026\u2026\u2026\u2026\u2026\u2026\u2026\u2026\u2026\u2026\u2026\u2026\u2026\u2026\u2026\u2026\u2026\u2026\u2026\u2026\u2026&#8230;&#8230;&#8230;&#8230;&#8230;. 197<br><em>Mario Quintanilla-Gatica<\/em><\/li>\n\n\n\n<li class=\"has-small-font-size\"><strong>Racionalismo categ\u00f3rico y racionalismo moderado. Perspectivas,<br>contradicciones y propuestas para la formaci\u00f3n del profesorado y la ense\u00f1anza<br>de la qu\u00edmica<\/strong> \u2026\u2026\u2026\u2026\u2026\u2026\u2026\u2026\u2026\u2026\u2026\u2026\u2026\u2026\u2026\u2026\u2026\u2026\u2026\u2026\u2026\u2026\u2026\u2026\u2026\u2026\u2026&#8230;&#8230;&#8230;&#8230;&#8230; 212<br><em>Mario Quintanilla-Gatica<\/em><\/li>\n\n\n\n<li class=\"has-small-font-size\"><strong>\u00bfEs posible una filosof\u00eda feminista de la qu\u00edmica? <\/strong>\u2026\u2026\u2026\u2026\u2026\u2026\u2026\u2026\u2026\u2026 229<br><em>Mariana C\u00f3rdoba<\/em><\/li>\n<\/ol>\n","protected":false},"excerpt":{"rendered":"<p>Tenemos el agrado de compartir la reciente publicaci\u00f3n del libro &#8220;Introducci\u00f3n a la Filosof\u00eda de la Qu\u00edmica&#8221;, editado por Dr. Sebasti\u00e1n Fortin y Dr. Mart\u00edn Labarca, en el cual hemos participado como coautores de dos cap\u00edtulos. A continuaci\u00f3n dejamos el \u00edndice y el link para su descarga. Link de descarga C\u00f3mo citarlo: Introducci\u00f3n a la [&hellip;]<\/p>\n","protected":false},"author":2,"featured_media":0,"comment_status":"open","ping_status":"open","sticky":false,"template":"","format":"standard","meta":{"footnotes":""},"categories":[1],"tags":[9,8,7],"class_list":["post-319","post","type-post","status-publish","format-standard","hentry","category-sin-categoria","tag-filosofia-de-la-ciencia","tag-filosofia-de-la-quimica","tag-libro"],"_links":{"self":[{"href":"https:\/\/www.fcn.unp.edu.ar\/epistemologia\/index.php\/wp-json\/wp\/v2\/posts\/319","targetHints":{"allow":["GET"]}}],"collection":[{"href":"https:\/\/www.fcn.unp.edu.ar\/epistemologia\/index.php\/wp-json\/wp\/v2\/posts"}],"about":[{"href":"https:\/\/www.fcn.unp.edu.ar\/epistemologia\/index.php\/wp-json\/wp\/v2\/types\/post"}],"author":[{"embeddable":true,"href":"https:\/\/www.fcn.unp.edu.ar\/epistemologia\/index.php\/wp-json\/wp\/v2\/users\/2"}],"replies":[{"embeddable":true,"href":"https:\/\/www.fcn.unp.edu.ar\/epistemologia\/index.php\/wp-json\/wp\/v2\/comments?post=319"}],"version-history":[{"count":2,"href":"https:\/\/www.fcn.unp.edu.ar\/epistemologia\/index.php\/wp-json\/wp\/v2\/posts\/319\/revisions"}],"predecessor-version":[{"id":324,"href":"https:\/\/www.fcn.unp.edu.ar\/epistemologia\/index.php\/wp-json\/wp\/v2\/posts\/319\/revisions\/324"}],"wp:attachment":[{"href":"https:\/\/www.fcn.unp.edu.ar\/epistemologia\/index.php\/wp-json\/wp\/v2\/media?parent=319"}],"wp:term":[{"taxonomy":"category","embeddable":true,"href":"https:\/\/www.fcn.unp.edu.ar\/epistemologia\/index.php\/wp-json\/wp\/v2\/categories?post=319"},{"taxonomy":"post_tag","embeddable":true,"href":"https:\/\/www.fcn.unp.edu.ar\/epistemologia\/index.php\/wp-json\/wp\/v2\/tags?post=319"}],"curies":[{"name":"wp","href":"https:\/\/api.w.org\/{rel}","templated":true}]}}